{"id":78,"date":"2013-09-18T12:35:57","date_gmt":"2013-09-18T10:35:57","guid":{"rendered":"http:\/\/ufasu.blogs.upv.es\/?p=78"},"modified":"2013-09-18T13:48:39","modified_gmt":"2013-09-18T11:48:39","slug":"nuevo-portal-de-formacion-upv","status":"publish","type":"post","link":"https:\/\/ufasu.blogs.upv.es\/es\/nuevo-portal-de-formacion-upv\/","title":{"rendered":"Nace el nuevo Portal de Formaci\u00f3n UPV"},"content":{"rendered":"<p style=\"text-align: justify\"><a href=\"http:\/\/ufasu.blogs.upv.es\/wp-content\/uploads\/2013\/07\/1153431_64677119-e1378385834223.jpg\"><img loading=\"lazy\" decoding=\"async\" class=\" wp-image-158 alignleft\" alt=\"1153431_64677119\" src=\"http:\/\/ufasu.blogs.upv.es\/wp-content\/uploads\/2013\/07\/1153431_64677119-e1378385834223-300x174.jpg\" width=\"210\" height=\"122\" \/><\/a>\u00a1\u00a1\u00a1Bienvenido al Nuevo <strong>Portal de Formaci\u00f3n de la UPV<\/strong>!!!<\/p>\r\n<p style=\"text-align: justify\">La Unidad de Formaci\u00f3n del PAS- Servicio de Recursos Humanos ofrece a todos los trabajadores PAS y PI de la UPV una nueva herramienta desde la que disponer de toda la informaci\u00f3n referente a las actividades de formaci\u00f3n que se gestionen desde nuestro servicio.<\/p>\r\n<p style=\"text-align: justify\">Esta herramienta ha sido elaborada entre las distintas unidades de la UPV que ofrecen formaci\u00f3n no reglada (CFP, SPNL, CDL, ICE y UFASU) para ofreceros, de forma integrada, todo lo necesario en cuanto a la gesti\u00f3n de vuestra formaci\u00f3n continua y permanente.<\/p>\r\n<p style=\"text-align: justify\"><\/p>","protected":false},"excerpt":{"rendered":"<p>\u00a1\u00a1\u00a1Bienvenido al Nuevo Portal de Formaci\u00f3n de la UPV!!! La Unidad de Formaci\u00f3n del PAS- Servicio de Recursos Humanos ofrece a todos los trabajadores PAS y PI de la UPV una nueva herramienta desde la que disponer de toda la informaci\u00f3n referente a las actividades de formaci\u00f3n que se gestionen &#8230;<\/p>\n","protected":false},"author":632,"featured_media":201,"comment_status":"open","ping_status":"closed","sticky":false,"template":"","format":"image","meta":{"footnotes":""},"categories":[102787],"tags":[217,102789,158534],"class_list":["post-78","post","type-post","status-publish","format-image","has-post-thumbnail","hentry","category-portal-de-formacion","tag-formacion","tag-formacion-empleados","tag-portal-de-formacion","post_format-post-format-image"],"aioseo_notices":[],"aioseo_head":"\n\t\t<!-- All in One SEO 5.0.1.1 - aioseo.com -->\n\t<meta name=\"description\" content=\"Portal de formacion continua UPV\" \/>\n\t<meta name=\"robots\" content=\"max-image-preview:large\" \/>\n\t<meta name=\"author\" content=\"Eva M\u00aa Gonz\u00e1lez P\u00e9rez\"\/>\n\t<meta name=\"keywords\" content=\"formacion trabajadores upv,formacion pas,upv,ufasu,unidad de formacion pas,formaci\u00f3n,formaci\u00f3n empleados,portal de formaci\u00f3n\" \/>\n\t<link rel=\"canonical\" href=\"https:\/\/ufasu.blogs.upv.es\/es\/nuevo-portal-de-formacion-upv\/\" \/>\n\t<meta name=\"generator\" content=\"All in One SEO (AIOSEO) 5.0.1.1\" \/>\n\t\t<script type=\"application\/ld+json\" class=\"aioseo-schema\">\n\t\t\t{\"@context\":\"https:\\\/\\\/schema.org\",\"@graph\":[{\"@type\":\"Article\",\"@id\":\"https:\\\/\\\/ufasu.blogs.upv.es\\\/es\\\/nuevo-portal-de-formacion-upv\\\/#article\",\"name\":\"Nuevo Portal de formaci\\u00f3n continua UPV | Blog Unidad de Formaci\\u00f3n - UPV\",\"headline\":\"Nace el nuevo Portal de Formaci\\u00f3n UPV\",\"author\":{\"@id\":\"https:\\\/\\\/ufasu.blogs.upv.es\\\/es\\\/author\\\/egonzal\\\/#author\"},\"publisher\":{\"@id\":\"https:\\\/\\\/ufasu.blogs.upv.es\\\/es\\\/#organization\"},\"image\":{\"@type\":\"ImageObject\",\"url\":\"https:\\\/\\\/ufasu.blogs.upv.es\\\/wp-content\\\/uploads\\\/2013\\\/07\\\/huevo3.jpg\",\"width\":1025,\"height\":528},\"datePublished\":\"2013-09-18T12:35:57+02:00\",\"dateModified\":\"2013-09-18T13:48:39+02:00\",\"inLanguage\":\"es-ES\",\"mainEntityOfPage\":{\"@id\":\"https:\\\/\\\/ufasu.blogs.upv.es\\\/es\\\/nuevo-portal-de-formacion-upv\\\/#webpage\"},\"isPartOf\":{\"@id\":\"https:\\\/\\\/ufasu.blogs.upv.es\\\/es\\\/nuevo-portal-de-formacion-upv\\\/#webpage\"},\"articleSection\":\"Portal de formaci\\u00f3n, Formaci\\u00f3n, Formaci\\u00f3n empleados, Portal de formaci\\u00f3n, Imagen\"},{\"@type\":\"BreadcrumbList\",\"@id\":\"https:\\\/\\\/ufasu.blogs.upv.es\\\/es\\\/nuevo-portal-de-formacion-upv\\\/#breadcrumblist\",\"itemListElement\":[{\"@type\":\"ListItem\",\"@id\":\"https:\\\/\\\/ufasu.blogs.upv.es\\\/es#listItem\",\"position\":1,\"name\":\"Home\",\"item\":\"https:\\\/\\\/ufasu.blogs.upv.es\\\/es\",\"nextItem\":{\"@type\":\"ListItem\",\"@id\":\"https:\\\/\\\/ufasu.blogs.upv.es\\\/es\\\/category\\\/portal-de-formacion\\\/#listItem\",\"name\":\"Portal de formaci\\u00f3n\"}},{\"@type\":\"ListItem\",\"@id\":\"https:\\\/\\\/ufasu.blogs.upv.es\\\/es\\\/category\\\/portal-de-formacion\\\/#listItem\",\"position\":2,\"name\":\"Portal de formaci\\u00f3n\",\"item\":\"https:\\\/\\\/ufasu.blogs.upv.es\\\/es\\\/category\\\/portal-de-formacion\\\/\",\"nextItem\":{\"@type\":\"ListItem\",\"@id\":\"https:\\\/\\\/ufasu.blogs.upv.es\\\/es\\\/nuevo-portal-de-formacion-upv\\\/#listItem\",\"name\":\"Nace el nuevo Portal de Formaci\\u00f3n UPV\"},\"previousItem\":{\"@type\":\"ListItem\",\"@id\":\"https:\\\/\\\/ufasu.blogs.upv.es\\\/es#listItem\",\"name\":\"Home\"}},{\"@type\":\"ListItem\",\"@id\":\"https:\\\/\\\/ufasu.blogs.upv.es\\\/es\\\/nuevo-portal-de-formacion-upv\\\/#listItem\",\"position\":3,\"name\":\"Nace el nuevo Portal de Formaci\\u00f3n UPV\",\"previousItem\":{\"@type\":\"ListItem\",\"@id\":\"https:\\\/\\\/ufasu.blogs.upv.es\\\/es\\\/category\\\/portal-de-formacion\\\/#listItem\",\"name\":\"Portal de formaci\\u00f3n\"}}]},{\"@type\":\"Organization\",\"@id\":\"https:\\\/\\\/ufasu.blogs.upv.es\\\/es\\\/#organization\",\"name\":\"Blog Unidad de Formaci\\u00f3n - UPV\",\"url\":\"https:\\\/\\\/ufasu.blogs.upv.es\\\/es\\\/\"},{\"@type\":\"Person\",\"@id\":\"https:\\\/\\\/ufasu.blogs.upv.es\\\/es\\\/author\\\/egonzal\\\/#author\",\"url\":\"https:\\\/\\\/ufasu.blogs.upv.es\\\/es\\\/author\\\/egonzal\\\/\",\"name\":\"Eva M\\u00aa Gonz\\u00e1lez P\\u00e9rez\"},{\"@type\":\"WebPage\",\"@id\":\"https:\\\/\\\/ufasu.blogs.upv.es\\\/es\\\/nuevo-portal-de-formacion-upv\\\/#webpage\",\"url\":\"https:\\\/\\\/ufasu.blogs.upv.es\\\/es\\\/nuevo-portal-de-formacion-upv\\\/\",\"name\":\"Nuevo Portal de formaci\\u00f3n continua UPV | Blog Unidad de Formaci\\u00f3n - UPV\",\"description\":\"Portal de formacion continua UPV\",\"inLanguage\":\"es-ES\",\"isPartOf\":{\"@id\":\"https:\\\/\\\/ufasu.blogs.upv.es\\\/es\\\/#website\"},\"breadcrumb\":{\"@id\":\"https:\\\/\\\/ufasu.blogs.upv.es\\\/es\\\/nuevo-portal-de-formacion-upv\\\/#breadcrumblist\"},\"author\":{\"@id\":\"https:\\\/\\\/ufasu.blogs.upv.es\\\/es\\\/author\\\/egonzal\\\/#author\"},\"creator\":{\"@id\":\"https:\\\/\\\/ufasu.blogs.upv.es\\\/es\\\/author\\\/egonzal\\\/#author\"},\"image\":{\"@type\":\"ImageObject\",\"url\":\"https:\\\/\\\/ufasu.blogs.upv.es\\\/wp-content\\\/uploads\\\/2013\\\/07\\\/huevo3.jpg\",\"@id\":\"https:\\\/\\\/ufasu.blogs.upv.es\\\/es\\\/nuevo-portal-de-formacion-upv\\\/#mainImage\",\"width\":1025,\"height\":528},\"primaryImageOfPage\":{\"@id\":\"https:\\\/\\\/ufasu.blogs.upv.es\\\/es\\\/nuevo-portal-de-formacion-upv\\\/#mainImage\"},\"datePublished\":\"2013-09-18T12:35:57+02:00\",\"dateModified\":\"2013-09-18T13:48:39+02:00\"},{\"@type\":\"WebSite\",\"@id\":\"https:\\\/\\\/ufasu.blogs.upv.es\\\/es\\\/#website\",\"url\":\"https:\\\/\\\/ufasu.blogs.upv.es\\\/es\\\/\",\"name\":\"Blog Unidad de Formaci\\u00f3n - UPV\",\"inLanguage\":\"es-ES\",\"publisher\":{\"@id\":\"https:\\\/\\\/ufasu.blogs.upv.es\\\/es\\\/#organization\"}}]}\n\t\t<\/script>\n\t\t<!-- All in One SEO -->\n\n","aioseo_head_json":{"title":"Nuevo Portal de formaci\u00f3n continua UPV | Blog Unidad de Formaci\u00f3n - UPV","description":"Portal de formacion continua UPV","canonical_url":"https:\/\/ufasu.blogs.upv.es\/es\/nuevo-portal-de-formacion-upv\/","robots":"max-image-preview:large","keywords":"formacion trabajadores upv,formacion pas,upv,ufasu,unidad de formacion pas,formaci\u00f3n,formaci\u00f3n empleados,portal de formaci\u00f3n","webmasterTools":{"miscellaneous":""},"schema":{"@context":"https:\/\/schema.org","@graph":[{"@type":"Article","@id":"https:\/\/ufasu.blogs.upv.es\/es\/nuevo-portal-de-formacion-upv\/#article","name":"Nuevo Portal de formaci\u00f3n continua UPV | Blog Unidad de Formaci\u00f3n - UPV","headline":"Nace el nuevo Portal de Formaci\u00f3n UPV","author":{"@id":"https:\/\/ufasu.blogs.upv.es\/es\/author\/egonzal\/#author"},"publisher":{"@id":"https:\/\/ufasu.blogs.upv.es\/es\/#organization"},"image":{"@type":"ImageObject","url":"https:\/\/ufasu.blogs.upv.es\/wp-content\/uploads\/2013\/07\/huevo3.jpg","width":1025,"height":528},"datePublished":"2013-09-18T12:35:57+02:00","dateModified":"2013-09-18T13:48:39+02:00","inLanguage":"es-ES","mainEntityOfPage":{"@id":"https:\/\/ufasu.blogs.upv.es\/es\/nuevo-portal-de-formacion-upv\/#webpage"},"isPartOf":{"@id":"https:\/\/ufasu.blogs.upv.es\/es\/nuevo-portal-de-formacion-upv\/#webpage"},"articleSection":"Portal de formaci\u00f3n, Formaci\u00f3n, Formaci\u00f3n empleados, Portal de formaci\u00f3n, Imagen"},{"@type":"BreadcrumbList","@id":"https:\/\/ufasu.blogs.upv.es\/es\/nuevo-portal-de-formacion-upv\/#breadcrumblist","itemListElement":[{"@type":"ListItem","@id":"https:\/\/ufasu.blogs.upv.es\/es#listItem","position":1,"name":"Home","item":"https:\/\/ufasu.blogs.upv.es\/es","nextItem":{"@type":"ListItem","@id":"https:\/\/ufasu.blogs.upv.es\/es\/category\/portal-de-formacion\/#listItem","name":"Portal de formaci\u00f3n"}},{"@type":"ListItem","@id":"https:\/\/ufasu.blogs.upv.es\/es\/category\/portal-de-formacion\/#listItem","position":2,"name":"Portal de formaci\u00f3n","item":"https:\/\/ufasu.blogs.upv.es\/es\/category\/portal-de-formacion\/","nextItem":{"@type":"ListItem","@id":"https:\/\/ufasu.blogs.upv.es\/es\/nuevo-portal-de-formacion-upv\/#listItem","name":"Nace el nuevo Portal de Formaci\u00f3n UPV"},"previousItem":{"@type":"ListItem","@id":"https:\/\/ufasu.blogs.upv.es\/es#listItem","name":"Home"}},{"@type":"ListItem","@id":"https:\/\/ufasu.blogs.upv.es\/es\/nuevo-portal-de-formacion-upv\/#listItem","position":3,"name":"Nace el nuevo Portal de Formaci\u00f3n UPV","previousItem":{"@type":"ListItem","@id":"https:\/\/ufasu.blogs.upv.es\/es\/category\/portal-de-formacion\/#listItem","name":"Portal de formaci\u00f3n"}}]},{"@type":"Organization","@id":"https:\/\/ufasu.blogs.upv.es\/es\/#organization","name":"Blog Unidad de Formaci\u00f3n - UPV","url":"https:\/\/ufasu.blogs.upv.es\/es\/"},{"@type":"Person","@id":"https:\/\/ufasu.blogs.upv.es\/es\/author\/egonzal\/#author","url":"https:\/\/ufasu.blogs.upv.es\/es\/author\/egonzal\/","name":"Eva M\u00aa Gonz\u00e1lez P\u00e9rez"},{"@type":"WebPage","@id":"https:\/\/ufasu.blogs.upv.es\/es\/nuevo-portal-de-formacion-upv\/#webpage","url":"https:\/\/ufasu.blogs.upv.es\/es\/nuevo-portal-de-formacion-upv\/","name":"Nuevo Portal de formaci\u00f3n continua UPV | Blog Unidad de Formaci\u00f3n - UPV","description":"Portal de formacion continua UPV","inLanguage":"es-ES","isPartOf":{"@id":"https:\/\/ufasu.blogs.upv.es\/es\/#website"},"breadcrumb":{"@id":"https:\/\/ufasu.blogs.upv.es\/es\/nuevo-portal-de-formacion-upv\/#breadcrumblist"},"author":{"@id":"https:\/\/ufasu.blogs.upv.es\/es\/author\/egonzal\/#author"},"creator":{"@id":"https:\/\/ufasu.blogs.upv.es\/es\/author\/egonzal\/#author"},"image":{"@type":"ImageObject","url":"https:\/\/ufasu.blogs.upv.es\/wp-content\/uploads\/2013\/07\/huevo3.jpg","@id":"https:\/\/ufasu.blogs.upv.es\/es\/nuevo-portal-de-formacion-upv\/#mainImage","width":1025,"height":528},"primaryImageOfPage":{"@id":"https:\/\/ufasu.blogs.upv.es\/es\/nuevo-portal-de-formacion-upv\/#mainImage"},"datePublished":"2013-09-18T12:35:57+02:00","dateModified":"2013-09-18T13:48:39+02:00"},{"@type":"WebSite","@id":"https:\/\/ufasu.blogs.upv.es\/es\/#website","url":"https:\/\/ufasu.blogs.upv.es\/es\/","name":"Blog Unidad de Formaci\u00f3n - UPV","inLanguage":"es-ES","publisher":{"@id":"https:\/\/ufasu.blogs.upv.es\/es\/#organization"}}]}},"aioseo_meta_data":{"post_id":"78","title":"Nuevo Portal de formaci\u00f3n continua UPV | #site_title","description":"Portal de formacion continua UPV","keywords":[{"label":"Formacion trabajadores UPV","value":"Formacion trabajadores UPV"},{"label":"formacion PAS","value":"formacion PAS"},{"label":"UPV","value":"UPV"},{"label":"UFASU","value":"UFASU"},{"label":"Unidad de formacion PAS","value":"Unidad de formacion PAS"}],"keyphrases":null,"primary_term":null,"canonical_url":null,"og_title":null,"og_description":null,"og_object_type":"default","og_image_type":"default","og_image_url":null,"og_image_width":null,"og_image_height":null,"og_image_custom_url":null,"og_image_custom_fields":null,"og_video":null,"og_custom_url":null,"og_article_section":null,"og_article_tags":null,"twitter_use_og":false,"twitter_card":"default","twitter_image_type":"default","twitter_image_url":null,"twitter_image_custom_url":null,"twitter_image_custom_fields":null,"twitter_title":null,"twitter_description":null,"schema":{"blockGraphs":[],"customGraphs":[],"default":{"data":{"Article":[],"Course":[],"Dataset":[],"FAQPage":[],"Movie":[],"Person":[],"Product":[],"ProductReview":[],"Car":[],"Recipe":[],"Service":[],"SoftwareApplication":[],"WebPage":[]},"graphName":"","isEnabled":true},"graphs":[],"defaultGraph":"","defaultPostTypeGraph":""},"schema_type":null,"schema_type_options":null,"pillar_content":false,"robots_default":true,"robots_noindex":false,"robots_noarchive":false,"robots_nosnippet":false,"robots_nofollow":false,"robots_noimageindex":false,"robots_noodp":false,"robots_notranslate":false,"robots_max_snippet":null,"robots_max_videopreview":null,"robots_max_imagepreview":"large","priority":null,"frequency":null,"local_seo":null,"breadcrumb_settings":null,"limit_modified_date":false,"ai":null,"created":"2020-12-21 01:06:43","updated":"2025-06-17 07:05:27","seo_analyzer_scan_date":null,"focus_keyword":null,"additional_keywords":null,"truseo_locale":null},"aioseo_breadcrumb":"<div class=\"aioseo-breadcrumbs\"><span class=\"aioseo-breadcrumb\">\n\t\t\t<a href=\"https:\/\/ufasu.blogs.upv.es\/es\" title=\"Home\">Home<\/a>\n\t\t<\/span><span class=\"aioseo-breadcrumb-separator\">&raquo;<\/span><span class=\"aioseo-breadcrumb\">\n\t\t\t<a href=\"https:\/\/ufasu.blogs.upv.es\/es\/category\/portal-de-formacion\/\" title=\"Portal de formaci\u00f3n\">Portal de formaci\u00f3n<\/a>\n\t\t<\/span><span class=\"aioseo-breadcrumb-separator\">&raquo;<\/span><span class=\"aioseo-breadcrumb\">\n\t\t\tNace el nuevo Portal de Formaci\u00f3n UPV\n\t\t<\/span><\/div>","aioseo_breadcrumb_json":[{"label":"Home","link":"https:\/\/ufasu.blogs.upv.es\/es"},{"label":"Portal de formaci\u00f3n","link":"https:\/\/ufasu.blogs.upv.es\/es\/category\/portal-de-formacion\/"},{"label":"Nace el nuevo Portal de Formaci\u00f3n UPV","link":"https:\/\/ufasu.blogs.upv.es\/es\/nuevo-portal-de-formacion-upv\/"}],"_links":{"self":[{"href":"https:\/\/ufasu.blogs.upv.es\/es\/wp-json\/wp\/v2\/posts\/78","targetHints":{"allow":["GET"]}}],"collection":[{"href":"https:\/\/ufasu.blogs.upv.es\/es\/wp-json\/wp\/v2\/posts"}],"about":[{"href":"https:\/\/ufasu.blogs.upv.es\/es\/wp-json\/wp\/v2\/types\/post"}],"author":[{"embeddable":true,"href":"https:\/\/ufasu.blogs.upv.es\/es\/wp-json\/wp\/v2\/users\/632"}],"replies":[{"embeddable":true,"href":"https:\/\/ufasu.blogs.upv.es\/es\/wp-json\/wp\/v2\/comments?post=78"}],"version-history":[{"count":0,"href":"https:\/\/ufasu.blogs.upv.es\/es\/wp-json\/wp\/v2\/posts\/78\/revisions"}],"wp:featuredmedia":[{"embeddable":true,"href":"https:\/\/ufasu.blogs.upv.es\/es\/wp-json\/wp\/v2\/media\/201"}],"wp:attachment":[{"href":"https:\/\/ufasu.blogs.upv.es\/es\/wp-json\/wp\/v2\/media?parent=78"}],"wp:term":[{"taxonomy":"category","embeddable":true,"href":"https:\/\/ufasu.blogs.upv.es\/es\/wp-json\/wp\/v2\/categories?post=78"},{"taxonomy":"post_tag","embeddable":true,"href":"https:\/\/ufasu.blogs.upv.es\/es\/wp-json\/wp\/v2\/tags?post=78"}],"curies":[{"name":"wp","href":"https:\/\/api.w.org\/{rel}","templated":true}]}}