{"id":1112,"date":"2018-03-12T14:19:18","date_gmt":"2018-03-12T13:19:18","guid":{"rendered":"http:\/\/ufasu.blogs.upv.es\/?p=1112"},"modified":"2018-05-08T13:14:04","modified_gmt":"2018-05-08T11:14:04","slug":"tienes-dudas-respecto-del-estado-de-tus-inscripciones","status":"publish","type":"post","link":"https:\/\/ufasu.blogs.upv.es\/es\/tienes-dudas-respecto-del-estado-de-tus-inscripciones\/","title":{"rendered":"\u00bfTienes dudas respecto del estado de tus inscripciones?"},"content":{"rendered":"La Unidad de formaci\u00f3n ha mejorado la informaci\u00f3n que ofrece a los trabajadores respecto del estado de sus preinscripciones en cada momento del proceso, as\u00ed como la evoluci\u00f3n de las mismas.\u00a0Para ello se mejorar\u00e1 la informaci\u00f3n ofrecida por el Portal de formaci\u00f3n continua y permanente.\r\n\r\nPara conocer m\u00e1s detalles de esta mejora puedes consultar el siguiente v\u00eddeo:\r\n\r\n<div style=\"width: 700px;\" class=\"wp-video\"><video class=\"wp-video-shortcode\" id=\"video-1112-1\" width=\"700\" height=\"394\" preload=\"metadata\" controls=\"controls\"><source type=\"video\/mp4\" src=\"http:\/\/ufasu.blogs.upv.es\/wp-content\/uploads\/2018\/03\/VIDEOS-UFASU-ESTADO-MATR\u00cdCULAS.mp4?_=1\" \/><a href=\"http:\/\/ufasu.blogs.upv.es\/wp-content\/uploads\/2018\/03\/VIDEOS-UFASU-ESTADO-MATR\u00cdCULAS.mp4\">http:\/\/ufasu.blogs.upv.es\/wp-content\/uploads\/2018\/03\/VIDEOS-UFASU-ESTADO-MATR\u00cdCULAS.mp4<\/a><\/video><\/div>\r\n\r\n&nbsp;\r\n\r\n&nbsp;","protected":false},"excerpt":{"rendered":"<p>La Unidad de formaci\u00f3n ha mejorado la informaci\u00f3n que ofrece a los trabajadores respecto del estado de sus preinscripciones en cada momento del proceso, as\u00ed como la evoluci\u00f3n de las mismas.\u00a0Para ello se mejorar\u00e1 la informaci\u00f3n ofrecida por el Portal de formaci\u00f3n continua y permanente. Para conocer m\u00e1s detalles de &#8230;<\/p>\n","protected":false},"author":632,"featured_media":1117,"comment_status":"open","ping_status":"open","sticky":false,"template":"","format":"image","meta":{"footnotes":""},"categories":[64],"tags":[116902,217,158527,158551,102789,158533,158574,15538],"class_list":["post-1112","post","type-post","status-publish","format-image","has-post-thumbnail","hentry","category-sin-categoria","tag-convocatoria","tag-formacion","tag-formacion-de-los-trabajadores","tag-formacion-del-pas","tag-formacion-empleados","tag-formacion-trabajadores","tag-matriculas","tag-preinscripcion","post_format-post-format-image"],"aioseo_notices":[],"_links":{"self":[{"href":"https:\/\/ufasu.blogs.upv.es\/es\/wp-json\/wp\/v2\/posts\/1112","targetHints":{"allow":["GET"]}}],"collection":[{"href":"https:\/\/ufasu.blogs.upv.es\/es\/wp-json\/wp\/v2\/posts"}],"about":[{"href":"https:\/\/ufasu.blogs.upv.es\/es\/wp-json\/wp\/v2\/types\/post"}],"author":[{"embeddable":true,"href":"https:\/\/ufasu.blogs.upv.es\/es\/wp-json\/wp\/v2\/users\/632"}],"replies":[{"embeddable":true,"href":"https:\/\/ufasu.blogs.upv.es\/es\/wp-json\/wp\/v2\/comments?post=1112"}],"version-history":[{"count":0,"href":"https:\/\/ufasu.blogs.upv.es\/es\/wp-json\/wp\/v2\/posts\/1112\/revisions"}],"wp:featuredmedia":[{"embeddable":true,"href":"https:\/\/ufasu.blogs.upv.es\/es\/wp-json\/wp\/v2\/media\/1117"}],"wp:attachment":[{"href":"https:\/\/ufasu.blogs.upv.es\/es\/wp-json\/wp\/v2\/media?parent=1112"}],"wp:term":[{"taxonomy":"category","embeddable":true,"href":"https:\/\/ufasu.blogs.upv.es\/es\/wp-json\/wp\/v2\/categories?post=1112"},{"taxonomy":"post_tag","embeddable":true,"href":"https:\/\/ufasu.blogs.upv.es\/es\/wp-json\/wp\/v2\/tags?post=1112"}],"curies":[{"name":"wp","href":"https:\/\/api.w.org\/{rel}","templated":true}]}}