{"id":788,"date":"2016-10-07T11:04:38","date_gmt":"2016-10-07T09:04:38","guid":{"rendered":"http:\/\/ufasu.blogs.upv.es\/?p=788"},"modified":"2016-10-07T11:04:38","modified_gmt":"2016-10-07T09:04:38","slug":"curso-de-salud-y-nutricion-aprende-a-comer-sano","status":"publish","type":"post","link":"https:\/\/ufasu.blogs.upv.es\/ca\/curso-de-salud-y-nutricion-aprende-a-comer-sano\/","title":{"rendered":"Curs de Salut i Nutrici\u00f3: Apr\u00e8n a menjar sa"},"content":{"rendered":"<a href=\"http:\/\/ufasu.blogs.upv.es\/wp-content\/uploads\/2016\/10\/vegetables-1054665_1920.jpg\"><img loading=\"lazy\" decoding=\"async\" class=\"alignleft  wp-image-795\" src=\"http:\/\/ufasu.blogs.upv.es\/wp-content\/uploads\/2016\/10\/vegetables-1054665_1920.jpg\" alt=\"vegetables-1054665_1920\" width=\"399\" height=\"271\" srcset=\"https:\/\/ufasu.blogs.upv.es\/wp-content\/uploads\/2016\/10\/vegetables-1054665_1920.jpg 1920w, https:\/\/ufasu.blogs.upv.es\/wp-content\/uploads\/2016\/10\/vegetables-1054665_1920-300x204.jpg 300w, https:\/\/ufasu.blogs.upv.es\/wp-content\/uploads\/2016\/10\/vegetables-1054665_1920-768x522.jpg 768w, https:\/\/ufasu.blogs.upv.es\/wp-content\/uploads\/2016\/10\/vegetables-1054665_1920-1024x697.jpg 1024w, https:\/\/ufasu.blogs.upv.es\/wp-content\/uploads\/2016\/10\/vegetables-1054665_1920-700x476.jpg 700w\" sizes=\"auto, (max-width: 399px) 100vw, 399px\" \/><\/a>Us recordem que fins al pr\u00f2xim 14 d'octubre estar\u00e0 obert el termini de preinscripci\u00f3 per al curs de <em><strong>Salut i nutrici\u00f3: apr\u00e8n a menjar sa<\/strong><\/em>.\r\n\r\nEl curs, de modalitat 100% online, computar\u00e0 com 20 hores de treball efectiu per a aquells que ho finalitzen amb aprofitament, i es desenvolupar\u00e0 entre el 17 d'octubre i el 20 de novembre.","protected":false},"excerpt":{"rendered":"<p>Us recordem que fins al pr\u00f2xim 14 d&#8217;octubre estar\u00e0 obert el termini de preinscripci\u00f3 per al curs de Salut i nutrici\u00f3: apr\u00e8n a menjar sa. El curs, de modalitat 100% online, computar\u00e0 com 20 hores de treball efectiu per a aquells que ho finalitzen amb aprofitament, i es desenvolupar\u00e0 entre &#8230;<\/p>\n","protected":false},"author":632,"featured_media":791,"comment_status":"closed","ping_status":"open","sticky":false,"template":"","format":"image","meta":{"footnotes":""},"categories":[158405,153267],"tags":[],"class_list":["post-788","post","type-post","status-publish","format-image","has-post-thumbnail","hentry","category-formacion-extraordinaria","category-plan-de-formacion","post_format-post-format-image"],"aioseo_notices":[],"aioseo_head":"\n\t\t<!-- All in One SEO 5.0.1.1 - aioseo.com -->\n\t<meta name=\"description\" content=\"Us recordem que fins al pr\u00f2xim 14 d&#039;octubre estar\u00e0 obert el termini de preinscripci\u00f3 per al curs de Salut i nutrici\u00f3: apr\u00e8n a menjar sa. El curs, de modalitat 100% online, computar\u00e0 com 20 hores de treball efectiu per a aquells que ho finalitzen amb aprofitament, i es desenvolupar\u00e0 entre el 17 d&#039;octubre i el\" \/>\n\t<meta name=\"robots\" content=\"max-image-preview:large\" \/>\n\t<meta name=\"author\" content=\"Eva M\u00aa Gonz\u00e1lez P\u00e9rez\"\/>\n\t<meta name=\"keywords\" content=\"formaci\u00f3n extraordinaria,plan de formaci\u00f3n\" \/>\n\t<link rel=\"canonical\" href=\"https:\/\/ufasu.blogs.upv.es\/ca\/curso-de-salud-y-nutricion-aprende-a-comer-sano\/\" \/>\n\t<meta name=\"generator\" content=\"All in One SEO (AIOSEO) 5.0.1.1\" \/>\n\t\t<script type=\"application\/ld+json\" class=\"aioseo-schema\">\n\t\t\t{\"@context\":\"https:\\\/\\\/schema.org\",\"@graph\":[{\"@type\":\"Article\",\"@id\":\"https:\\\/\\\/ufasu.blogs.upv.es\\\/ca\\\/curso-de-salud-y-nutricion-aprende-a-comer-sano\\\/#article\",\"name\":\"Curs de Salut i Nutrici\\u00f3: Apr\\u00e8n a menjar sa | Blog Unidad de Formaci\\u00f3n - UPV\",\"headline\":\"Curs de Salut i Nutrici\\u00f3: Apr\\u00e8n a menjar sa\",\"author\":{\"@id\":\"https:\\\/\\\/ufasu.blogs.upv.es\\\/ca\\\/author\\\/egonzal\\\/#author\"},\"publisher\":{\"@id\":\"https:\\\/\\\/ufasu.blogs.upv.es\\\/ca\\\/#organization\"},\"image\":{\"@type\":\"ImageObject\",\"url\":\"https:\\\/\\\/ufasu.blogs.upv.es\\\/wp-content\\\/uploads\\\/2016\\\/10\\\/curso-saludynutri.jpg\",\"width\":960,\"height\":720},\"datePublished\":\"2016-10-07T11:04:38+02:00\",\"dateModified\":\"2016-10-07T11:04:38+02:00\",\"inLanguage\":\"Val\",\"mainEntityOfPage\":{\"@id\":\"https:\\\/\\\/ufasu.blogs.upv.es\\\/ca\\\/curso-de-salud-y-nutricion-aprende-a-comer-sano\\\/#webpage\"},\"isPartOf\":{\"@id\":\"https:\\\/\\\/ufasu.blogs.upv.es\\\/ca\\\/curso-de-salud-y-nutricion-aprende-a-comer-sano\\\/#webpage\"},\"articleSection\":\"Formaci\\u00f3n extraordinaria, Plan de formaci\\u00f3n, Image\"},{\"@type\":\"BreadcrumbList\",\"@id\":\"https:\\\/\\\/ufasu.blogs.upv.es\\\/ca\\\/curso-de-salud-y-nutricion-aprende-a-comer-sano\\\/#breadcrumblist\",\"itemListElement\":[{\"@type\":\"ListItem\",\"@id\":\"https:\\\/\\\/ufasu.blogs.upv.es\\\/ca#listItem\",\"position\":1,\"name\":\"Home\",\"item\":\"https:\\\/\\\/ufasu.blogs.upv.es\\\/ca\",\"nextItem\":{\"@type\":\"ListItem\",\"@id\":\"https:\\\/\\\/ufasu.blogs.upv.es\\\/ca\\\/category\\\/plan-de-formacion\\\/#listItem\",\"name\":\"Plan de formaci\\u00f3n\"}},{\"@type\":\"ListItem\",\"@id\":\"https:\\\/\\\/ufasu.blogs.upv.es\\\/ca\\\/category\\\/plan-de-formacion\\\/#listItem\",\"position\":2,\"name\":\"Plan de formaci\\u00f3n\",\"item\":\"https:\\\/\\\/ufasu.blogs.upv.es\\\/ca\\\/category\\\/plan-de-formacion\\\/\",\"nextItem\":{\"@type\":\"ListItem\",\"@id\":\"https:\\\/\\\/ufasu.blogs.upv.es\\\/ca\\\/curso-de-salud-y-nutricion-aprende-a-comer-sano\\\/#listItem\",\"name\":\"Curs de Salut i Nutrici\\u00f3: Apr\\u00e8n a menjar sa\"},\"previousItem\":{\"@type\":\"ListItem\",\"@id\":\"https:\\\/\\\/ufasu.blogs.upv.es\\\/ca#listItem\",\"name\":\"Home\"}},{\"@type\":\"ListItem\",\"@id\":\"https:\\\/\\\/ufasu.blogs.upv.es\\\/ca\\\/curso-de-salud-y-nutricion-aprende-a-comer-sano\\\/#listItem\",\"position\":3,\"name\":\"Curs de Salut i Nutrici\\u00f3: Apr\\u00e8n a menjar sa\",\"previousItem\":{\"@type\":\"ListItem\",\"@id\":\"https:\\\/\\\/ufasu.blogs.upv.es\\\/ca\\\/category\\\/plan-de-formacion\\\/#listItem\",\"name\":\"Plan de formaci\\u00f3n\"}}]},{\"@type\":\"Organization\",\"@id\":\"https:\\\/\\\/ufasu.blogs.upv.es\\\/ca\\\/#organization\",\"name\":\"Blog Unidad de Formaci\\u00f3n - UPV\",\"url\":\"https:\\\/\\\/ufasu.blogs.upv.es\\\/ca\\\/\"},{\"@type\":\"Person\",\"@id\":\"https:\\\/\\\/ufasu.blogs.upv.es\\\/ca\\\/author\\\/egonzal\\\/#author\",\"url\":\"https:\\\/\\\/ufasu.blogs.upv.es\\\/ca\\\/author\\\/egonzal\\\/\",\"name\":\"Eva M\\u00aa Gonz\\u00e1lez P\\u00e9rez\"},{\"@type\":\"WebPage\",\"@id\":\"https:\\\/\\\/ufasu.blogs.upv.es\\\/ca\\\/curso-de-salud-y-nutricion-aprende-a-comer-sano\\\/#webpage\",\"url\":\"https:\\\/\\\/ufasu.blogs.upv.es\\\/ca\\\/curso-de-salud-y-nutricion-aprende-a-comer-sano\\\/\",\"name\":\"Curs de Salut i Nutrici\\u00f3: Apr\\u00e8n a menjar sa | Blog Unidad de Formaci\\u00f3n - UPV\",\"description\":\"Us recordem que fins al pr\\u00f2xim 14 d'octubre estar\\u00e0 obert el termini de preinscripci\\u00f3 per al curs de Salut i nutrici\\u00f3: apr\\u00e8n a menjar sa. El curs, de modalitat 100% online, computar\\u00e0 com 20 hores de treball efectiu per a aquells que ho finalitzen amb aprofitament, i es desenvolupar\\u00e0 entre el 17 d'octubre i el\",\"inLanguage\":\"Val\",\"isPartOf\":{\"@id\":\"https:\\\/\\\/ufasu.blogs.upv.es\\\/ca\\\/#website\"},\"breadcrumb\":{\"@id\":\"https:\\\/\\\/ufasu.blogs.upv.es\\\/ca\\\/curso-de-salud-y-nutricion-aprende-a-comer-sano\\\/#breadcrumblist\"},\"author\":{\"@id\":\"https:\\\/\\\/ufasu.blogs.upv.es\\\/ca\\\/author\\\/egonzal\\\/#author\"},\"creator\":{\"@id\":\"https:\\\/\\\/ufasu.blogs.upv.es\\\/ca\\\/author\\\/egonzal\\\/#author\"},\"image\":{\"@type\":\"ImageObject\",\"url\":\"https:\\\/\\\/ufasu.blogs.upv.es\\\/wp-content\\\/uploads\\\/2016\\\/10\\\/curso-saludynutri.jpg\",\"@id\":\"https:\\\/\\\/ufasu.blogs.upv.es\\\/ca\\\/curso-de-salud-y-nutricion-aprende-a-comer-sano\\\/#mainImage\",\"width\":960,\"height\":720},\"primaryImageOfPage\":{\"@id\":\"https:\\\/\\\/ufasu.blogs.upv.es\\\/ca\\\/curso-de-salud-y-nutricion-aprende-a-comer-sano\\\/#mainImage\"},\"datePublished\":\"2016-10-07T11:04:38+02:00\",\"dateModified\":\"2016-10-07T11:04:38+02:00\"},{\"@type\":\"WebSite\",\"@id\":\"https:\\\/\\\/ufasu.blogs.upv.es\\\/ca\\\/#website\",\"url\":\"https:\\\/\\\/ufasu.blogs.upv.es\\\/ca\\\/\",\"name\":\"Blog Unidad de Formaci\\u00f3n - UPV\",\"inLanguage\":\"Val\",\"publisher\":{\"@id\":\"https:\\\/\\\/ufasu.blogs.upv.es\\\/ca\\\/#organization\"}}]}\n\t\t<\/script>\n\t\t<!-- All in One SEO -->\n\n","aioseo_head_json":{"title":"Curs de Salut i Nutrici\u00f3: Apr\u00e8n a menjar sa | Blog Unidad de Formaci\u00f3n - UPV","description":"Us recordem que fins al pr\u00f2xim 14 d'octubre estar\u00e0 obert el termini de preinscripci\u00f3 per al curs de Salut i nutrici\u00f3: apr\u00e8n a menjar sa. El curs, de modalitat 100% online, computar\u00e0 com 20 hores de treball efectiu per a aquells que ho finalitzen amb aprofitament, i es desenvolupar\u00e0 entre el 17 d'octubre i el","canonical_url":"https:\/\/ufasu.blogs.upv.es\/ca\/curso-de-salud-y-nutricion-aprende-a-comer-sano\/","robots":"max-image-preview:large","keywords":"formaci\u00f3n extraordinaria,plan de formaci\u00f3n","webmasterTools":{"miscellaneous":""},"schema":{"@context":"https:\/\/schema.org","@graph":[{"@type":"Article","@id":"https:\/\/ufasu.blogs.upv.es\/ca\/curso-de-salud-y-nutricion-aprende-a-comer-sano\/#article","name":"Curs de Salut i Nutrici\u00f3: Apr\u00e8n a menjar sa | Blog Unidad de Formaci\u00f3n - UPV","headline":"Curs de Salut i Nutrici\u00f3: Apr\u00e8n a menjar sa","author":{"@id":"https:\/\/ufasu.blogs.upv.es\/ca\/author\/egonzal\/#author"},"publisher":{"@id":"https:\/\/ufasu.blogs.upv.es\/ca\/#organization"},"image":{"@type":"ImageObject","url":"https:\/\/ufasu.blogs.upv.es\/wp-content\/uploads\/2016\/10\/curso-saludynutri.jpg","width":960,"height":720},"datePublished":"2016-10-07T11:04:38+02:00","dateModified":"2016-10-07T11:04:38+02:00","inLanguage":"Val","mainEntityOfPage":{"@id":"https:\/\/ufasu.blogs.upv.es\/ca\/curso-de-salud-y-nutricion-aprende-a-comer-sano\/#webpage"},"isPartOf":{"@id":"https:\/\/ufasu.blogs.upv.es\/ca\/curso-de-salud-y-nutricion-aprende-a-comer-sano\/#webpage"},"articleSection":"Formaci\u00f3n extraordinaria, Plan de formaci\u00f3n, Image"},{"@type":"BreadcrumbList","@id":"https:\/\/ufasu.blogs.upv.es\/ca\/curso-de-salud-y-nutricion-aprende-a-comer-sano\/#breadcrumblist","itemListElement":[{"@type":"ListItem","@id":"https:\/\/ufasu.blogs.upv.es\/ca#listItem","position":1,"name":"Home","item":"https:\/\/ufasu.blogs.upv.es\/ca","nextItem":{"@type":"ListItem","@id":"https:\/\/ufasu.blogs.upv.es\/ca\/category\/plan-de-formacion\/#listItem","name":"Plan de formaci\u00f3n"}},{"@type":"ListItem","@id":"https:\/\/ufasu.blogs.upv.es\/ca\/category\/plan-de-formacion\/#listItem","position":2,"name":"Plan de formaci\u00f3n","item":"https:\/\/ufasu.blogs.upv.es\/ca\/category\/plan-de-formacion\/","nextItem":{"@type":"ListItem","@id":"https:\/\/ufasu.blogs.upv.es\/ca\/curso-de-salud-y-nutricion-aprende-a-comer-sano\/#listItem","name":"Curs de Salut i Nutrici\u00f3: Apr\u00e8n a menjar sa"},"previousItem":{"@type":"ListItem","@id":"https:\/\/ufasu.blogs.upv.es\/ca#listItem","name":"Home"}},{"@type":"ListItem","@id":"https:\/\/ufasu.blogs.upv.es\/ca\/curso-de-salud-y-nutricion-aprende-a-comer-sano\/#listItem","position":3,"name":"Curs de Salut i Nutrici\u00f3: Apr\u00e8n a menjar sa","previousItem":{"@type":"ListItem","@id":"https:\/\/ufasu.blogs.upv.es\/ca\/category\/plan-de-formacion\/#listItem","name":"Plan de formaci\u00f3n"}}]},{"@type":"Organization","@id":"https:\/\/ufasu.blogs.upv.es\/ca\/#organization","name":"Blog Unidad de Formaci\u00f3n - UPV","url":"https:\/\/ufasu.blogs.upv.es\/ca\/"},{"@type":"Person","@id":"https:\/\/ufasu.blogs.upv.es\/ca\/author\/egonzal\/#author","url":"https:\/\/ufasu.blogs.upv.es\/ca\/author\/egonzal\/","name":"Eva M\u00aa Gonz\u00e1lez P\u00e9rez"},{"@type":"WebPage","@id":"https:\/\/ufasu.blogs.upv.es\/ca\/curso-de-salud-y-nutricion-aprende-a-comer-sano\/#webpage","url":"https:\/\/ufasu.blogs.upv.es\/ca\/curso-de-salud-y-nutricion-aprende-a-comer-sano\/","name":"Curs de Salut i Nutrici\u00f3: Apr\u00e8n a menjar sa | Blog Unidad de Formaci\u00f3n - UPV","description":"Us recordem que fins al pr\u00f2xim 14 d'octubre estar\u00e0 obert el termini de preinscripci\u00f3 per al curs de Salut i nutrici\u00f3: apr\u00e8n a menjar sa. El curs, de modalitat 100% online, computar\u00e0 com 20 hores de treball efectiu per a aquells que ho finalitzen amb aprofitament, i es desenvolupar\u00e0 entre el 17 d'octubre i el","inLanguage":"Val","isPartOf":{"@id":"https:\/\/ufasu.blogs.upv.es\/ca\/#website"},"breadcrumb":{"@id":"https:\/\/ufasu.blogs.upv.es\/ca\/curso-de-salud-y-nutricion-aprende-a-comer-sano\/#breadcrumblist"},"author":{"@id":"https:\/\/ufasu.blogs.upv.es\/ca\/author\/egonzal\/#author"},"creator":{"@id":"https:\/\/ufasu.blogs.upv.es\/ca\/author\/egonzal\/#author"},"image":{"@type":"ImageObject","url":"https:\/\/ufasu.blogs.upv.es\/wp-content\/uploads\/2016\/10\/curso-saludynutri.jpg","@id":"https:\/\/ufasu.blogs.upv.es\/ca\/curso-de-salud-y-nutricion-aprende-a-comer-sano\/#mainImage","width":960,"height":720},"primaryImageOfPage":{"@id":"https:\/\/ufasu.blogs.upv.es\/ca\/curso-de-salud-y-nutricion-aprende-a-comer-sano\/#mainImage"},"datePublished":"2016-10-07T11:04:38+02:00","dateModified":"2016-10-07T11:04:38+02:00"},{"@type":"WebSite","@id":"https:\/\/ufasu.blogs.upv.es\/ca\/#website","url":"https:\/\/ufasu.blogs.upv.es\/ca\/","name":"Blog Unidad de Formaci\u00f3n - UPV","inLanguage":"Val","publisher":{"@id":"https:\/\/ufasu.blogs.upv.es\/ca\/#organization"}}]}},"aioseo_meta_data":{"post_id":"788","title":null,"description":null,"keywords":null,"keyphrases":null,"primary_term":null,"canonical_url":null,"og_title":null,"og_description":null,"og_object_type":"default","og_image_type":"default","og_image_url":null,"og_image_width":null,"og_image_height":null,"og_image_custom_url":null,"og_image_custom_fields":null,"og_video":null,"og_custom_url":null,"og_article_section":null,"og_article_tags":null,"twitter_use_og":false,"twitter_card":"default","twitter_image_type":"default","twitter_image_url":null,"twitter_image_custom_url":null,"twitter_image_custom_fields":null,"twitter_title":null,"twitter_description":null,"schema":{"blockGraphs":[],"customGraphs":[],"default":{"data":{"Article":[],"Course":[],"Dataset":[],"FAQPage":[],"Movie":[],"Person":[],"Product":[],"ProductReview":[],"Car":[],"Recipe":[],"Service":[],"SoftwareApplication":[],"WebPage":[]},"graphName":"","isEnabled":true},"graphs":[],"defaultGraph":"","defaultPostTypeGraph":""},"schema_type":null,"schema_type_options":null,"pillar_content":false,"robots_default":true,"robots_noindex":false,"robots_noarchive":false,"robots_nosnippet":false,"robots_nofollow":false,"robots_noimageindex":false,"robots_noodp":false,"robots_notranslate":false,"robots_max_snippet":null,"robots_max_videopreview":null,"robots_max_imagepreview":"large","priority":null,"frequency":null,"local_seo":null,"breadcrumb_settings":null,"limit_modified_date":false,"ai":null,"created":"2020-12-21 01:06:43","updated":"2025-06-17 09:41:05","seo_analyzer_scan_date":null,"focus_keyword":null,"additional_keywords":null,"truseo_locale":null},"aioseo_breadcrumb":"<div class=\"aioseo-breadcrumbs\"><span class=\"aioseo-breadcrumb\">\n\t\t\t<a href=\"https:\/\/ufasu.blogs.upv.es\/ca\" title=\"Home\">Home<\/a>\n\t\t<\/span><span class=\"aioseo-breadcrumb-separator\">&raquo;<\/span><span class=\"aioseo-breadcrumb\">\n\t\t\t<a href=\"https:\/\/ufasu.blogs.upv.es\/ca\/category\/plan-de-formacion\/\" title=\"Plan de formaci\u00f3n\">Plan de formaci\u00f3n<\/a>\n\t\t<\/span><span class=\"aioseo-breadcrumb-separator\">&raquo;<\/span><span class=\"aioseo-breadcrumb\">\n\t\t\tCurs de Salut i Nutrici\u00f3: Apr\u00e8n a menjar sa\n\t\t<\/span><\/div>","aioseo_breadcrumb_json":[{"label":"Home","link":"https:\/\/ufasu.blogs.upv.es\/ca"},{"label":"Plan de formaci\u00f3n","link":"https:\/\/ufasu.blogs.upv.es\/ca\/category\/plan-de-formacion\/"},{"label":"Curs de Salut i Nutrici\u00f3: Apr\u00e8n a menjar sa","link":"https:\/\/ufasu.blogs.upv.es\/ca\/curso-de-salud-y-nutricion-aprende-a-comer-sano\/"}],"_links":{"self":[{"href":"https:\/\/ufasu.blogs.upv.es\/ca\/wp-json\/wp\/v2\/posts\/788","targetHints":{"allow":["GET"]}}],"collection":[{"href":"https:\/\/ufasu.blogs.upv.es\/ca\/wp-json\/wp\/v2\/posts"}],"about":[{"href":"https:\/\/ufasu.blogs.upv.es\/ca\/wp-json\/wp\/v2\/types\/post"}],"author":[{"embeddable":true,"href":"https:\/\/ufasu.blogs.upv.es\/ca\/wp-json\/wp\/v2\/users\/632"}],"replies":[{"embeddable":true,"href":"https:\/\/ufasu.blogs.upv.es\/ca\/wp-json\/wp\/v2\/comments?post=788"}],"version-history":[{"count":0,"href":"https:\/\/ufasu.blogs.upv.es\/ca\/wp-json\/wp\/v2\/posts\/788\/revisions"}],"wp:featuredmedia":[{"embeddable":true,"href":"https:\/\/ufasu.blogs.upv.es\/ca\/wp-json\/wp\/v2\/media\/791"}],"wp:attachment":[{"href":"https:\/\/ufasu.blogs.upv.es\/ca\/wp-json\/wp\/v2\/media?parent=788"}],"wp:term":[{"taxonomy":"category","embeddable":true,"href":"https:\/\/ufasu.blogs.upv.es\/ca\/wp-json\/wp\/v2\/categories?post=788"},{"taxonomy":"post_tag","embeddable":true,"href":"https:\/\/ufasu.blogs.upv.es\/ca\/wp-json\/wp\/v2\/tags?post=788"}],"curies":[{"name":"wp","href":"https:\/\/api.w.org\/{rel}","templated":true}]}}