{"id":1172,"date":"2018-05-15T15:35:32","date_gmt":"2018-05-15T13:35:32","guid":{"rendered":"http:\/\/ufasu.blogs.upv.es\/?p=1172"},"modified":"2018-05-15T15:37:34","modified_gmt":"2018-05-15T13:37:34","slug":"calendario-para-la-gestion-de-la-formacion-responsables-de-unidades","status":"publish","type":"post","link":"https:\/\/ufasu.blogs.upv.es\/ca\/calendario-para-la-gestion-de-la-formacion-responsables-de-unidades\/","title":{"rendered":"Calendari per a la gesti\u00f3 de la formaci\u00f3 (responsables d&#8217;unitats)"},"content":{"rendered":"<a href=\"http:\/\/ufasu.blogs.upv.es\/wp-content\/uploads\/2015\/09\/calendario.jpg\"><img loading=\"lazy\" decoding=\"async\" class=\"alignleft wp-image-520\" src=\"http:\/\/ufasu.blogs.upv.es\/wp-content\/uploads\/2015\/09\/calendario.jpg\" alt=\"\" width=\"163\" height=\"122\" srcset=\"https:\/\/ufasu.blogs.upv.es\/wp-content\/uploads\/2015\/09\/calendario.jpg 1200w, https:\/\/ufasu.blogs.upv.es\/wp-content\/uploads\/2015\/09\/calendario-300x225.jpg 300w, https:\/\/ufasu.blogs.upv.es\/wp-content\/uploads\/2015\/09\/calendario-1024x768.jpg 1024w, https:\/\/ufasu.blogs.upv.es\/wp-content\/uploads\/2015\/09\/calendario-268x200.jpg 268w, https:\/\/ufasu.blogs.upv.es\/wp-content\/uploads\/2015\/09\/calendario-700x525.jpg 700w\" sizes=\"auto, (max-width: 163px) 100vw, 163px\" \/><\/a>Des de la Unitat de formaci\u00f3, hem posat a la disposici\u00f3 dels responsables de les diferents unitats una nova funcionalitat que els permetr\u00e0 disposar en un calendari (.ical) de tota la informaci\u00f3 actualitzada de: dies, horaris i persones, que estan rebent o van a rebre formaci\u00f3 de la seua unitat <br> <br><br> <br>\r\n<a href=\"http:\/\/ufasu.blogs.upv.es\/wp-content\/uploads\/2018\/05\/Manual-Calendario-del-Panorama-de-servicio-en-formato-iCal.pdf\">Manual Calendario del Panorama de servicio en formato iCal<\/a><br> <br>","protected":false},"excerpt":{"rendered":"<p>Des de la Unitat de formaci\u00f3, hem posat a la disposici\u00f3 dels responsables de les diferents unitats una nova funcionalitat que els permetr\u00e0 disposar en un calendari (.ical) de tota la informaci\u00f3 actualitzada de: dies, horaris i persones, que estan rebent o van a rebre formaci\u00f3 de la seua unitat &#8230;<\/p>\n","protected":false},"author":632,"featured_media":520,"comment_status":"open","ping_status":"open","sticky":false,"template":"","format":"image","meta":{"footnotes":""},"categories":[64],"tags":[],"class_list":["post-1172","post","type-post","status-publish","format-image","has-post-thumbnail","hentry","category-sin-categoria","post_format-post-format-image"],"aioseo_notices":[],"_links":{"self":[{"href":"https:\/\/ufasu.blogs.upv.es\/ca\/wp-json\/wp\/v2\/posts\/1172","targetHints":{"allow":["GET"]}}],"collection":[{"href":"https:\/\/ufasu.blogs.upv.es\/ca\/wp-json\/wp\/v2\/posts"}],"about":[{"href":"https:\/\/ufasu.blogs.upv.es\/ca\/wp-json\/wp\/v2\/types\/post"}],"author":[{"embeddable":true,"href":"https:\/\/ufasu.blogs.upv.es\/ca\/wp-json\/wp\/v2\/users\/632"}],"replies":[{"embeddable":true,"href":"https:\/\/ufasu.blogs.upv.es\/ca\/wp-json\/wp\/v2\/comments?post=1172"}],"version-history":[{"count":0,"href":"https:\/\/ufasu.blogs.upv.es\/ca\/wp-json\/wp\/v2\/posts\/1172\/revisions"}],"wp:featuredmedia":[{"embeddable":true,"href":"https:\/\/ufasu.blogs.upv.es\/ca\/wp-json\/wp\/v2\/media\/520"}],"wp:attachment":[{"href":"https:\/\/ufasu.blogs.upv.es\/ca\/wp-json\/wp\/v2\/media?parent=1172"}],"wp:term":[{"taxonomy":"category","embeddable":true,"href":"https:\/\/ufasu.blogs.upv.es\/ca\/wp-json\/wp\/v2\/categories?post=1172"},{"taxonomy":"post_tag","embeddable":true,"href":"https:\/\/ufasu.blogs.upv.es\/ca\/wp-json\/wp\/v2\/tags?post=1172"}],"curies":[{"name":"wp","href":"https:\/\/api.w.org\/{rel}","templated":true}]}}